{"id":2464,"date":"2019-11-18T16:08:01","date_gmt":"2019-11-18T16:08:01","guid":{"rendered":"https:\/\/www.cueim.org\/?p=2464"},"modified":"2021-03-26T07:13:49","modified_gmt":"2021-03-26T07:13:49","slug":"convegno-turismo-sostenibile-le-buone-pratiche-dallaccademia-ai-territori-ancona-5-dicembre-2019","status":"publish","type":"post","link":"https:\/\/www.cueim.org\/en\/convegno-turismo-sostenibile-le-buone-pratiche-dallaccademia-ai-territori-ancona-5-dicembre-2019\/","title":{"rendered":"Conference &#8220;Sustainable tourism: good practices from the Academy to territories&#8221;, Ancona, 5th December 2019"},"content":{"rendered":"<p>The CUEIM has an increasingly central role in the debate on sustainability and supports the Polytechnic University of Marche (UniVPM) in the organisation of the Conference<strong> &#8220;Sustainable tourism: good practices from the Academy to territories&#8221;<\/strong>, which will be held in Ancona on December the 5th.<\/p>\n<p>Both the Consortium and the Polytechnic are actively engaged on the theme of sustainable tourism and valorisation of territories. The event, in particular, is the launching event of a project initiative, which involves UniVPM and various universities of the CUEIM\u2019s network, aimed at defining a theoretical and operational model for the study, the promotion and the enhancement of best practices in the sector of sustainable tourism.<\/p>\n<p>The common objective is to create and animate synergies between both public and private actors for a unitary and integrated management of the cultural, tourist and environmental heritage of the territories, in a sustainable manner.<\/p>\n<p>Nowadays researchers are posing many questions to explore the increasingly complex theme of sustainable tourism:<\/p>\n<ul>\n<li>What are the managerial actions to put in place for the concrete realization of sustainable tourism?<\/li>\n<li>What are the tools currently available for decision-makers?<\/li>\n<li>If sustainability would mean reducing tourist presences, would we still be willing to pursue it?<\/li>\n<li>How to build and consolidate strategic and permanent connections between institutions, private companies, citizens and external users for a model of tourism development geared to full sustainability?<\/li>\n<li>How to identify the sizing of the \u201cproductive capacity\u201d of the territory in terms of demand and supply of sustainable tourism?<\/li>\n<\/ul>\n<p>The conference is therefore an important opportunity of debate between some of the main national referents, to start a dialogue in response to these questions.<\/p>\n<p>Encouraging a kind of tourism that combines economic prosperity, equity and social cohesion with the protection and safeguarding of environmental and cultural values, adopting a medium \/ long-term strategy and targeted investments, seems to be the common goal.<\/p>\n<p>The event will be held in Ancona, Universit\u00e0 Politecnica delle Marche, Facolt\u00e0 di Economia &#8220;Giorgio Fu\u00e0&#8221;, Piazzale Martelli 8<\/p>\n<p style=\"text-align: left;\">Please, have a look at the <a href=\"https:\/\/www.flipbookpdf.net\/web\/files\/uploads\/ea2162ee691f55016012bd400008d3e6318bc514201912.pdf\">AGENDA<\/a> and register <a href=\"https:\/\/form.jotformeu.com\/71173653566360\">HERE<\/a> (the event will be in Italian).<\/p>\n<p>The conference is supported by Regione Marche and LIVE, a UniVPM spin-off.<\/p>\n<p><img loading=\"lazy\" decoding=\"async\" class=\"aligncenter wp-image-2466\" src=\"https:\/\/www.cueim.org\/wp-content\/uploads\/2019\/11\/Immagine-300x92.png\" alt=\"\" width=\"753\" height=\"230\" srcset=\"https:\/\/www.cueim.org\/wp-content\/uploads\/2019\/11\/Immagine-300x92.png 300w, https:\/\/www.cueim.org\/wp-content\/uploads\/2019\/11\/Immagine-768x235.png 768w, https:\/\/www.cueim.org\/wp-content\/uploads\/2019\/11\/Immagine-850x260.png 850w, https:\/\/www.cueim.org\/wp-content\/uploads\/2019\/11\/Immagine.png 913w\" sizes=\"auto, (max-width: 753px) 100vw, 753px\" \/><\/p>","protected":false},"excerpt":{"rendered":"<p>The CUEIM has an increasingly central role in the debate on sustainability and supports the Polytechnic University of Marche (UniVPM)&#8230;<\/p>\n","protected":false},"author":6,"featured_media":2465,"comment_status":"open","ping_status":"open","sticky":false,"template":"","format":"standard","meta":{"_acf_changed":false,"footnotes":""},"categories":[8],"tags":[],"class_list":["post-2464","post","type-post","status-publish","format-standard","has-post-thumbnail","hentry","category-natural-cultural-heritage"],"acf":[],"yoast_head":"<!-- This site is optimized with the Yoast SEO plugin v26.6 - https:\/\/yoast.com\/wordpress\/plugins\/seo\/ -->\n<title>Conference &quot;Sustainable tourism: good practices from the Academy to territories&quot;, Ancona, 5th December 2019 - CUEIM<\/title>\n<meta name=\"robots\" content=\"index, follow, max-snippet:-1, max-image-preview:large, max-video-preview:-1\" \/>\n<link rel=\"canonical\" href=\"https:\/\/www.cueim.org\/en\/convegno-turismo-sostenibile-le-buone-pratiche-dallaccademia-ai-territori-ancona-5-dicembre-2019\/\" \/>\n<meta property=\"og:locale\" content=\"en_US\" \/>\n<meta property=\"og:type\" content=\"article\" \/>\n<meta property=\"og:title\" content=\"Conference &quot;Sustainable tourism: good practices from the Academy to territories&quot;, Ancona, 5th December 2019 - CUEIM\" \/>\n<meta property=\"og:description\" content=\"The CUEIM has an increasingly central role in the debate on sustainability and supports the Polytechnic University of Marche (UniVPM)...\" \/>\n<meta property=\"og:url\" content=\"https:\/\/www.cueim.org\/en\/convegno-turismo-sostenibile-le-buone-pratiche-dallaccademia-ai-territori-ancona-5-dicembre-2019\/\" \/>\n<meta property=\"og:site_name\" content=\"CUEIM\" \/>\n<meta property=\"article:published_time\" content=\"2019-11-18T16:08:01+00:00\" \/>\n<meta property=\"article:modified_time\" content=\"2021-03-26T07:13:49+00:00\" \/>\n<meta property=\"og:image\" content=\"https:\/\/www.cueim.org\/wp-content\/uploads\/2019\/11\/zaino-centrato.jpg\" \/>\n\t<meta property=\"og:image:width\" content=\"820\" \/>\n\t<meta property=\"og:image:height\" content=\"312\" \/>\n\t<meta property=\"og:image:type\" content=\"image\/jpeg\" \/>\n<meta name=\"author\" content=\"Eleonora Fantozzi\" \/>\n<meta name=\"twitter:card\" content=\"summary_large_image\" \/>\n<meta name=\"twitter:label1\" content=\"Written by\" \/>\n\t<meta name=\"twitter:data1\" content=\"Eleonora Fantozzi\" \/>\n\t<meta name=\"twitter:label2\" content=\"Est. reading time\" \/>\n\t<meta name=\"twitter:data2\" content=\"4 minutes\" \/>\n<script type=\"application\/ld+json\" class=\"yoast-schema-graph\">{\"@context\":\"https:\/\/schema.org\",\"@graph\":[{\"@type\":\"WebPage\",\"@id\":\"https:\/\/www.cueim.org\/en\/convegno-turismo-sostenibile-le-buone-pratiche-dallaccademia-ai-territori-ancona-5-dicembre-2019\/\",\"url\":\"https:\/\/www.cueim.org\/en\/convegno-turismo-sostenibile-le-buone-pratiche-dallaccademia-ai-territori-ancona-5-dicembre-2019\/\",\"name\":\"Conference \\\"Sustainable tourism: good practices from the Academy to territories\\\", Ancona, 5th December 2019 - CUEIM\",\"isPartOf\":{\"@id\":\"https:\/\/www.cueim.org\/en\/#website\"},\"primaryImageOfPage\":{\"@id\":\"https:\/\/www.cueim.org\/en\/convegno-turismo-sostenibile-le-buone-pratiche-dallaccademia-ai-territori-ancona-5-dicembre-2019\/#primaryimage\"},\"image\":{\"@id\":\"https:\/\/www.cueim.org\/en\/convegno-turismo-sostenibile-le-buone-pratiche-dallaccademia-ai-territori-ancona-5-dicembre-2019\/#primaryimage\"},\"thumbnailUrl\":\"https:\/\/www.cueim.org\/wp-content\/uploads\/2019\/11\/zaino-centrato.jpg\",\"datePublished\":\"2019-11-18T16:08:01+00:00\",\"dateModified\":\"2021-03-26T07:13:49+00:00\",\"author\":{\"@id\":\"https:\/\/www.cueim.org\/en\/#\/schema\/person\/105bfeaa9ea88a10af2a22b38fbbbed4\"},\"breadcrumb\":{\"@id\":\"https:\/\/www.cueim.org\/en\/convegno-turismo-sostenibile-le-buone-pratiche-dallaccademia-ai-territori-ancona-5-dicembre-2019\/#breadcrumb\"},\"inLanguage\":\"en-US\",\"potentialAction\":[{\"@type\":\"ReadAction\",\"target\":[[\"https:\/\/www.cueim.org\/en\/convegno-turismo-sostenibile-le-buone-pratiche-dallaccademia-ai-territori-ancona-5-dicembre-2019\/\"]]}]},{\"@type\":\"ImageObject\",\"inLanguage\":\"en-US\",\"@id\":\"https:\/\/www.cueim.org\/en\/convegno-turismo-sostenibile-le-buone-pratiche-dallaccademia-ai-territori-ancona-5-dicembre-2019\/#primaryimage\",\"url\":\"https:\/\/www.cueim.org\/wp-content\/uploads\/2019\/11\/zaino-centrato.jpg\",\"contentUrl\":\"https:\/\/www.cueim.org\/wp-content\/uploads\/2019\/11\/zaino-centrato.jpg\",\"width\":820,\"height\":312},{\"@type\":\"BreadcrumbList\",\"@id\":\"https:\/\/www.cueim.org\/en\/convegno-turismo-sostenibile-le-buone-pratiche-dallaccademia-ai-territori-ancona-5-dicembre-2019\/#breadcrumb\",\"itemListElement\":[{\"@type\":\"ListItem\",\"position\":1,\"name\":\"Home\",\"item\":\"https:\/\/www.cueim.org\/en\/\"},{\"@type\":\"ListItem\",\"position\":2,\"name\":\"Conference &#8220;Sustainable tourism: good practices from the Academy to territories&#8221;, Ancona, 5th December 2019\"}]},{\"@type\":\"WebSite\",\"@id\":\"https:\/\/www.cueim.org\/en\/#website\",\"url\":\"https:\/\/www.cueim.org\/en\/\",\"name\":\"CUEIM\",\"description\":\"(Italiano) Consorzio Universitario di Economia industriale e Manageriale\",\"potentialAction\":[{\"@type\":\"SearchAction\",\"target\":{\"@type\":\"EntryPoint\",\"urlTemplate\":\"https:\/\/www.cueim.org\/en\/?s={search_term_string}\"},\"query-input\":{\"@type\":\"PropertyValueSpecification\",\"valueRequired\":true,\"valueName\":\"search_term_string\"}}],\"inLanguage\":\"en-US\"},{\"@type\":\"Person\",\"@id\":\"https:\/\/www.cueim.org\/en\/#\/schema\/person\/105bfeaa9ea88a10af2a22b38fbbbed4\",\"name\":\"Eleonora Fantozzi\",\"image\":{\"@type\":\"ImageObject\",\"inLanguage\":\"en-US\",\"@id\":\"https:\/\/www.cueim.org\/en\/#\/schema\/person\/image\/\",\"url\":\"https:\/\/secure.gravatar.com\/avatar\/03a22330bd6251090fe48b1822cfb3adaf719c2f4209d6e150be3997e1933710?s=96&d=mm&r=g\",\"contentUrl\":\"https:\/\/secure.gravatar.com\/avatar\/03a22330bd6251090fe48b1822cfb3adaf719c2f4209d6e150be3997e1933710?s=96&d=mm&r=g\",\"caption\":\"Eleonora Fantozzi\"},\"sameAs\":[\"http:\/\/www.cueim.org%20\"],\"url\":\"https:\/\/www.cueim.org\/en\/author\/eleonora\/\"}]}<\/script>\n<!-- \/ Yoast SEO plugin. -->","yoast_head_json":{"title":"Conference \"Sustainable tourism: good practices from the Academy to territories\", Ancona, 5th December 2019 - CUEIM","robots":{"index":"index","follow":"follow","max-snippet":"max-snippet:-1","max-image-preview":"max-image-preview:large","max-video-preview":"max-video-preview:-1"},"canonical":"https:\/\/www.cueim.org\/en\/convegno-turismo-sostenibile-le-buone-pratiche-dallaccademia-ai-territori-ancona-5-dicembre-2019\/","og_locale":"en_US","og_type":"article","og_title":"Conference \"Sustainable tourism: good practices from the Academy to territories\", Ancona, 5th December 2019 - CUEIM","og_description":"The CUEIM has an increasingly central role in the debate on sustainability and supports the Polytechnic University of Marche (UniVPM)...","og_url":"https:\/\/www.cueim.org\/en\/convegno-turismo-sostenibile-le-buone-pratiche-dallaccademia-ai-territori-ancona-5-dicembre-2019\/","og_site_name":"CUEIM","article_published_time":"2019-11-18T16:08:01+00:00","article_modified_time":"2021-03-26T07:13:49+00:00","og_image":[{"width":820,"height":312,"url":"https:\/\/www.cueim.org\/wp-content\/uploads\/2019\/11\/zaino-centrato.jpg","type":"image\/jpeg"}],"author":"Eleonora Fantozzi","twitter_card":"summary_large_image","twitter_misc":{"Written by":"Eleonora Fantozzi","Est. reading time":"4 minutes"},"schema":{"@context":"https:\/\/schema.org","@graph":[{"@type":"WebPage","@id":"https:\/\/www.cueim.org\/en\/convegno-turismo-sostenibile-le-buone-pratiche-dallaccademia-ai-territori-ancona-5-dicembre-2019\/","url":"https:\/\/www.cueim.org\/en\/convegno-turismo-sostenibile-le-buone-pratiche-dallaccademia-ai-territori-ancona-5-dicembre-2019\/","name":"Conference \"Sustainable tourism: good practices from the Academy to territories\", Ancona, 5th December 2019 - CUEIM","isPartOf":{"@id":"https:\/\/www.cueim.org\/en\/#website"},"primaryImageOfPage":{"@id":"https:\/\/www.cueim.org\/en\/convegno-turismo-sostenibile-le-buone-pratiche-dallaccademia-ai-territori-ancona-5-dicembre-2019\/#primaryimage"},"image":{"@id":"https:\/\/www.cueim.org\/en\/convegno-turismo-sostenibile-le-buone-pratiche-dallaccademia-ai-territori-ancona-5-dicembre-2019\/#primaryimage"},"thumbnailUrl":"https:\/\/www.cueim.org\/wp-content\/uploads\/2019\/11\/zaino-centrato.jpg","datePublished":"2019-11-18T16:08:01+00:00","dateModified":"2021-03-26T07:13:49+00:00","author":{"@id":"https:\/\/www.cueim.org\/en\/#\/schema\/person\/105bfeaa9ea88a10af2a22b38fbbbed4"},"breadcrumb":{"@id":"https:\/\/www.cueim.org\/en\/convegno-turismo-sostenibile-le-buone-pratiche-dallaccademia-ai-territori-ancona-5-dicembre-2019\/#breadcrumb"},"inLanguage":"en-US","potentialAction":[{"@type":"ReadAction","target":[["https:\/\/www.cueim.org\/en\/convegno-turismo-sostenibile-le-buone-pratiche-dallaccademia-ai-territori-ancona-5-dicembre-2019\/"]]}]},{"@type":"ImageObject","inLanguage":"en-US","@id":"https:\/\/www.cueim.org\/en\/convegno-turismo-sostenibile-le-buone-pratiche-dallaccademia-ai-territori-ancona-5-dicembre-2019\/#primaryimage","url":"https:\/\/www.cueim.org\/wp-content\/uploads\/2019\/11\/zaino-centrato.jpg","contentUrl":"https:\/\/www.cueim.org\/wp-content\/uploads\/2019\/11\/zaino-centrato.jpg","width":820,"height":312},{"@type":"BreadcrumbList","@id":"https:\/\/www.cueim.org\/en\/convegno-turismo-sostenibile-le-buone-pratiche-dallaccademia-ai-territori-ancona-5-dicembre-2019\/#breadcrumb","itemListElement":[{"@type":"ListItem","position":1,"name":"Home","item":"https:\/\/www.cueim.org\/en\/"},{"@type":"ListItem","position":2,"name":"Conference &#8220;Sustainable tourism: good practices from the Academy to territories&#8221;, Ancona, 5th December 2019"}]},{"@type":"WebSite","@id":"https:\/\/www.cueim.org\/en\/#website","url":"https:\/\/www.cueim.org\/en\/","name":"CUEIM","description":"(Italiano) Consorzio Universitario di Economia industriale e Manageriale","potentialAction":[{"@type":"SearchAction","target":{"@type":"EntryPoint","urlTemplate":"https:\/\/www.cueim.org\/en\/?s={search_term_string}"},"query-input":{"@type":"PropertyValueSpecification","valueRequired":true,"valueName":"search_term_string"}}],"inLanguage":"en-US"},{"@type":"Person","@id":"https:\/\/www.cueim.org\/en\/#\/schema\/person\/105bfeaa9ea88a10af2a22b38fbbbed4","name":"Eleonora Fantozzi","image":{"@type":"ImageObject","inLanguage":"en-US","@id":"https:\/\/www.cueim.org\/en\/#\/schema\/person\/image\/","url":"https:\/\/secure.gravatar.com\/avatar\/03a22330bd6251090fe48b1822cfb3adaf719c2f4209d6e150be3997e1933710?s=96&d=mm&r=g","contentUrl":"https:\/\/secure.gravatar.com\/avatar\/03a22330bd6251090fe48b1822cfb3adaf719c2f4209d6e150be3997e1933710?s=96&d=mm&r=g","caption":"Eleonora Fantozzi"},"sameAs":["http:\/\/www.cueim.org%20"],"url":"https:\/\/www.cueim.org\/en\/author\/eleonora\/"}]}},"_links":{"self":[{"href":"https:\/\/www.cueim.org\/en\/wp-json\/wp\/v2\/posts\/2464","targetHints":{"allow":["GET"]}}],"collection":[{"href":"https:\/\/www.cueim.org\/en\/wp-json\/wp\/v2\/posts"}],"about":[{"href":"https:\/\/www.cueim.org\/en\/wp-json\/wp\/v2\/types\/post"}],"author":[{"embeddable":true,"href":"https:\/\/www.cueim.org\/en\/wp-json\/wp\/v2\/users\/6"}],"replies":[{"embeddable":true,"href":"https:\/\/www.cueim.org\/en\/wp-json\/wp\/v2\/comments?post=2464"}],"version-history":[{"count":18,"href":"https:\/\/www.cueim.org\/en\/wp-json\/wp\/v2\/posts\/2464\/revisions"}],"predecessor-version":[{"id":3633,"href":"https:\/\/www.cueim.org\/en\/wp-json\/wp\/v2\/posts\/2464\/revisions\/3633"}],"wp:featuredmedia":[{"embeddable":true,"href":"https:\/\/www.cueim.org\/en\/wp-json\/wp\/v2\/media\/2465"}],"wp:attachment":[{"href":"https:\/\/www.cueim.org\/en\/wp-json\/wp\/v2\/media?parent=2464"}],"wp:term":[{"taxonomy":"category","embeddable":true,"href":"https:\/\/www.cueim.org\/en\/wp-json\/wp\/v2\/categories?post=2464"},{"taxonomy":"post_tag","embeddable":true,"href":"https:\/\/www.cueim.org\/en\/wp-json\/wp\/v2\/tags?post=2464"}],"curies":[{"name":"wp","href":"https:\/\/api.w.org\/{rel}","templated":true}]}}