{"id":5028,"date":"2024-03-07T11:22:17","date_gmt":"2024-03-07T11:22:17","guid":{"rendered":"https:\/\/www.cueim.org\/?p=5028"},"modified":"2024-03-11T18:57:20","modified_gmt":"2024-03-11T18:57:20","slug":"ii-convention-territoriale-dialoghi-sulla-sostenibilita-nuovi-percorsi-narrativi-per-una-community-sostenibile","status":"publish","type":"post","link":"https:\/\/www.cueim.org\/en\/ii-convention-territoriale-dialoghi-sulla-sostenibilita-nuovi-percorsi-narrativi-per-una-community-sostenibile\/","title":{"rendered":"Seconda convention tematica \u201cDialoghi sulla Sostenibilit\u00e0. Nuovi percorsi narrativi per una community sostenibile\u201d il 14 marzo a Milano."},"content":{"rendered":"<p>Dopo\u00a0<a href=\"https:\/\/www.ipresslive.it\/it\/ipress\/comunicati\/view\/58665\/fyzs7uvuekxneeggpeftl\/\">l\u2019annuncio<\/a>\u00a0sulla nascita di un ecosistema italiano del Good Business e la prima Convention realizzata a L\u2019Aquila sui temi della Twin Transition, il 14 marzo\u00a0a Milano\u00a0presso la Chiesetta di San Carlo alle Rottole, il CUEIM realizzer\u00e0 la <strong>seconda\u00a0Convention\u00a0<\/strong>tematica del progetto \u201c<strong>Cultura e Formazione per un Futuro Sostenibile<\/strong>\u201c, dal titolo \u201c<strong><em>Dialoghi sulla Sostenibilit\u00e0. Nuovi percorsi narrativi per una community sostenibile<\/em><\/strong>\u201d. Il progetto \u00e8 finanziato dal Ministero dell\u2019Ambiente e della Sicurezza Energetica nell\u2019ambito del bando \u201c<strong>Cultura per la sostenibilit\u00e0<\/strong>\u201d.<\/p>\n<p><img loading=\"lazy\" decoding=\"async\" class=\"alignnone size-full wp-image-5029\" src=\"https:\/\/www.cueim.org\/wp-content\/uploads\/2024\/03\/Save-the-Date-2.png\" alt=\"\" width=\"1085\" height=\"752\" srcset=\"https:\/\/www.cueim.org\/wp-content\/uploads\/2024\/03\/Save-the-Date-2.png 1085w, https:\/\/www.cueim.org\/wp-content\/uploads\/2024\/03\/Save-the-Date-2-300x208.png 300w, https:\/\/www.cueim.org\/wp-content\/uploads\/2024\/03\/Save-the-Date-2-768x532.png 768w, https:\/\/www.cueim.org\/wp-content\/uploads\/2024\/03\/Save-the-Date-2-1024x710.png 1024w, https:\/\/www.cueim.org\/wp-content\/uploads\/2024\/03\/Save-the-Date-2-794x550.png 794w\" sizes=\"auto, (max-width: 1085px) 100vw, 1085px\" \/>In tale occasione, il Consorzio di 27 Universit\u00e0 presenter\u00e0 i vantaggi per gli aderenti alla Community degli Attori della Sostenibilit\u00e0 e la piattaforma multiattoriale realizzata attraverso il progetto, finalizzate ad una maggiore collaborazione e condivisione di modelli ed esperienze replicabili, per rendere il percorso verso la sostenibilit\u00e0 pi\u00f9 efficiente e competitivo.<\/p>\n<p>I lavori della giornata saranno introdotti dalla\u00a0<strong>Dott.ssa Anna Bombonato, del Ministero dell\u2019Ambiente e della Sicurezza Energetica, Direzione Generale Economia Circolare<\/strong>, e comprenderanno anche un intervento accademico, un living Lab con rappresentanti di Istituzioni, Universit\u00e0 e Ricerca, Societ\u00e0 Civile e Impresa e un dibattito sulla possibilit\u00e0 di dialogo tra attivisti e CdA aziendali, con spunti di riflessione e formazione sui temi della Cultura della Sostenibilit\u00e0 e del Good Business.<\/p>\n<p>Il bando del MASE per la promozione della \u201cCultura per la sostenibilit\u00e0\u201d (2023) ha reso possibile questa progettualit\u00e0 che, inserita nell\u2019ambito di altri 23 progetti vincitori, contribuisce alla messa a terra della\u00a0<a href=\"https:\/\/www.mase.gov.it\/pagina\/strategia-nazionale-lo-sviluppo-sostenibile\"><strong>Strategia Nazionale per lo Sviluppo Sostenibile (SNSvS)<\/strong>,<\/a>\u00a0apportando elementi di rilievo su quegli aspetti che riguardano in particolare lo sviluppo e la diffusione di un sapere comune e, di conseguenza, di un approccio multi-attoriale. A partire dal 2019, il MASE ha facilitato la creazione del\u00a0<a href=\"https:\/\/www.mase.gov.it\/pagina\/il-contributo-della-societa-civile-il-forum\"><strong>Forum Nazionale per lo Sviluppo Sostenibile<\/strong><\/a>, luogo permanente di incontro di influenze, energie, comunit\u00e0 e progetti a beneficio di una migliore elaborazione e attuazione della Strategia e al quale \u00e8 sempre possibile aderire (forumsvs@mase.gov.it). Il sostegno al progetto \u201cCultura e Formazione per un Futuro Sostenibile\u201d e a questo incontro trae origine dalla stessa volont\u00e0 di accogliere e ampliare la comunit\u00e0 di attivatori della sostenibilit\u00e0 attraverso processi di aggregazione e coinvolgimento, caratterizzanti e di qualit\u00e0.<\/p>\n<p>\u201c<em>Il progetto mira a far conoscere la costruzione di un network, una community nazionale e multiattoriale di stakeholder che condividano modelli ed esperienze replicabili per un percorso verso la sostenibilit\u00e0 pi\u00f9 semplice, efficiente e competitivo. Abbiamo per questo attivato la costruzione di una piattaforma online di capitalizzazione multi-attoriale, percorsi di diffusione della conoscenza sulla Cultura della Sostenibilit\u00e0, una serie di eventi tematici sui temi della Sostenibilit\u00e0, tra cui questa tappa milanese, e una pubblicazione finale su attivit\u00e0 e risultati raggiunti\u201d<\/em>\u00a0afferma Gaetano Zarlenga, Direttore del CUEIM.\u00a0<em>\u201cNell\u2019individuazione dei principali\u00a0Attori, insieme ai quali realizzare il percorso verso la diffusione della Cultura della Sostenibilit\u00e0, crediamo fondamentale costituire un rapporto di stretta collaborazione con l\u2019approccio della quadrupla elica, coinvolgendo quindi il mondo della Ricerca,\u00a0le Componenti Istituzionali,\u00a0l\u2019Industria\u00a0e la\u00a0Societ\u00e0 Civile. Saranno loro gli attori chiamati a collaborare alla costruzione di ecosistemi innovativi e sostenibili.\u201d<\/em><\/p>\n<h4><strong>Partecipanti, relatori e speakers<\/strong><\/h4>\n<p>Proprio con la volont\u00e0 di permettere lo sviluppo di azioni e approcci ai problemi basati sul\u00a0co-design\u00a0di idee e soluzioni, ci saranno momenti di confronto e di brainstorming tra i presenti, rappresentanti delle quattro eliche.<\/p>\n<ul>\n<li>Per il mondo Universit\u00e0 &amp; Ricerca\u00a0<strong>Gabriella Calvano<\/strong>, Ricercatrice dell\u2019Universit\u00e0 degli Studi di Bari, co-coordinatrice del Gruppo di lavoro Educazione della Rete delle Universit\u00e0 per lo Sviluppo Sostenibile (RUS); <a href=\"https:\/\/www.ipresslive.it\/it\/ipress\/spokeperson\/view\/2083\/\"><strong>Claudio Baccarani<\/strong><\/a>, Emerito di Economia e Gestione delle imprese, e\u00a0\u00a0<strong><a href=\"https:\/\/www.ipresslive.it\/it\/ipress\/spokeperson\/view\/2081\/\">Federico Brunetti<\/a><\/strong>, Professore Ordinario, entrambi presso il Dipartimento di Management dell\u2019Universit\u00e0 degli Studi di Verona.<\/li>\n<li>Per le Istituzioni\u00a0<strong>Alessandro Sicchiero<\/strong>, Sindaco di Chieri.<\/li>\n<li>Per il mondo dell\u2019Impresa\u00a0<strong><a href=\"https:\/\/www.ipresslive.it\/it\/ipress\/spokeperson\/view\/2078\/\">Paolo Braguzzi<\/a><\/strong>\u00a0\u2013 Autore de \u201cL\u2019impresa for good\u201d e, per 17 anni, Amministratore Delegato di Davines e Giulia Detomati, CEO e fondatrice di Invento Innovation Lab.<\/li>\n<li>In rappresentanza dei Giovani e della Societ\u00e0 Civile\u00a0<strong><a href=\"https:\/\/ipresslive.it\/it\/ipress\/spokeperson\/view\/2446\/?changeLng=IT\">Sebastiano Michelotti<\/a><\/strong>, Political Advisor and Communication Strategist in Consiglio Regionale Veneto e attivista, tra i fondatori di Fridays Italia, e Pier Maria Minuzzo, HR Advisor.<\/li>\n<\/ul>\n<h4><strong>Sintesi del programma dei lavori<\/strong><\/h4>\n<p>Durante la mattinata, dopo una riflessione del\u00a0<strong>Prof. Baccarani<\/strong>\u00a0a partire dal suo ultimo testo \u201c<em>Conchiglie per il management. Parole e pensieri per l\u2019impresa armonica<\/em>\u201d e l\u2019intervento del\u00a0<strong>Prof. Brunetti<\/strong>\u00a0dedicato al tema della sostenibilit\u00e0 come percorso multi-attoriale, si terr\u00e0 un dibattito tra\u00a0<strong>Paolo Braguzzi<\/strong>\u00a0e\u00a0<strong>Sebastiano Michelotti<\/strong>, che avr\u00e0 lo scopo di analizzare vantaggi e resistenze da superare nell\u2019instaurazione del dialogo tra i CdA aziendali e l\u2019attivismo:\u00a0<em>una strada percorribile, un\u2019utopia o un esperimento pericoloso?<\/em><\/p>\n<p><em>\u201cTra i vantaggi che offre l\u2019adesione alla Community degli Attori della Sostenibilit\u00e0, c\u2019\u00e8 la possibilit\u00e0 di entrare a far parte di una mappa interattiva visibile a tutta la Community e al pubblico della piattaforma, per mettere in evidenza le\u00a0<\/em>good practice<em>, i progetti e gli eventi della propria organizzazione sui temi della sostenibilit\u00e0. L\u2019adesione garantir\u00e0 poi la possibilit\u00e0 di accedere ai contenuti della The Good Business Academy, sui temi del modello di impresa\u00a0<\/em>for good<em>\u00a0orientata a un impatto positivo e sostenibile sulla societ\u00e0, con i contributi di docenti ed esperti del mondo dell\u2019Universit\u00e0, della Ricerca e dell\u2019Impresa\u201d\u00a0<\/em>afferma\u00a0<strong>Gaetano Zarlenga<\/strong>, Direttore del CUEIM.<em>\u201d<\/em><\/p>\n<p>Nel pomeriggio\u00a0<strong><a href=\"https:\/\/www.ipresslive.it\/en\/ipress\/spokeperson\/view\/2587\/\">Claudia Laricchia<\/a><\/strong>, Co-founder e Presidente di SMILY Academy, racconter\u00e0 il progetto che vedr\u00e0 30 talenti, selezionati dal primo acceleratore indigeno al mondo finalizzato a creare imprese giovanili sostenibili, partire per Assam dal 20 al 26 marzo, per apprendere direttamente dagli indigeni le migliori modalit\u00e0 per fare eco-impresa. Saranno portati 20 project work da sviluppare nel terreno fertile in cui Jadav Molai Payeng, conosciuto come The Forest Man of India, ha piantato una foresta grande quanto 13 campi da calcio in 40 anni.<\/p>\n<p><strong>Per visionare il programma completo clicca\u00a0<a href=\"https:\/\/www.culturaeformazioneperunfuturosostenibile.it\/wp-content\/uploads\/2024\/03\/II-Convention-tematica_CUEIM_progetto-MASE_14_03_2024_def.pdf\">QUI<\/a><\/strong><\/p>\n<p><strong>Per partecipare all\u2019evento registrati<\/strong>\u00a0<strong><a href=\"https:\/\/form.jotform.com\/240643518442353\">QUI<\/a><\/strong><\/p>\n<p><strong>Segui\u00a0<a href=\"https:\/\/www.youtube.com\/@cueim-consorzio-universitario\">QUI<\/a>\u00a0la diretta live della convention<\/strong><\/p>\n<p>Per candidarsi a far parte della Community degli Attori della Sostenibilit\u00e0 o richiedere maggiori informazioni <a href=\"about:blank\">info@culturaeformazioneperunfuturosostenibile.it<\/a><\/p>\n<hr \/>\n<p>Il Progetto \u201c<a href=\"https:\/\/www.cueim.org\/progetti\/cultura-e-formazione-per-un-futuro-sostenibile\/\"><strong>Cultura e Formazione per un Futuro Sostenibile<\/strong><\/a>\u201c \u00e8 realizzato nell\u2019ambito dell\u2019Avviso pubblico per proposte di iniziative a supporto dell\u2019attuazione della Strategia Nazionale per lo Sviluppo Sostenibile Vettore \u201cCultura della sostenibilit\u00e0\u201d (SNSVS3) \u2013 Decreto direttoriale n.73 del 31\/08\/2022<\/p>","protected":false},"excerpt":{"rendered":"<p>Dopo\u00a0l\u2019annuncio\u00a0sulla nascita di un ecosistema italiano del Good Business e la prima Convention realizzata a L\u2019Aquila sui temi della Twin&#8230;<\/p>\n","protected":false},"author":3,"featured_media":5026,"comment_status":"open","ping_status":"open","sticky":false,"template":"","format":"standard","meta":{"_acf_changed":false,"footnotes":""},"categories":[1],"tags":[],"class_list":["post-5028","post","type-post","status-publish","format-standard","has-post-thumbnail","hentry","category-environment-energy"],"acf":[],"yoast_head":"<!-- This site is optimized with the Yoast SEO plugin v26.6 - https:\/\/yoast.com\/wordpress\/plugins\/seo\/ -->\n<title>Seconda convention tematica \u201cDialoghi sulla Sostenibilit\u00e0. Nuovi percorsi narrativi per una community sostenibile\u201d il 14 marzo a Milano. - CUEIM<\/title>\n<meta name=\"robots\" content=\"index, follow, max-snippet:-1, max-image-preview:large, max-video-preview:-1\" \/>\n<link rel=\"canonical\" href=\"https:\/\/www.cueim.org\/en\/ii-convention-territoriale-dialoghi-sulla-sostenibilita-nuovi-percorsi-narrativi-per-una-community-sostenibile\/\" \/>\n<meta property=\"og:locale\" content=\"en_US\" \/>\n<meta property=\"og:type\" content=\"article\" \/>\n<meta property=\"og:title\" content=\"Seconda convention tematica \u201cDialoghi sulla Sostenibilit\u00e0. Nuovi percorsi narrativi per una community sostenibile\u201d il 14 marzo a Milano. - CUEIM\" \/>\n<meta property=\"og:description\" content=\"Dopo\u00a0l\u2019annuncio\u00a0sulla nascita di un ecosistema italiano del Good Business e la prima Convention realizzata a L\u2019Aquila sui temi della Twin...\" \/>\n<meta property=\"og:url\" content=\"https:\/\/www.cueim.org\/en\/ii-convention-territoriale-dialoghi-sulla-sostenibilita-nuovi-percorsi-narrativi-per-una-community-sostenibile\/\" \/>\n<meta property=\"og:site_name\" content=\"CUEIM\" \/>\n<meta property=\"article:published_time\" content=\"2024-03-07T11:22:17+00:00\" \/>\n<meta property=\"article:modified_time\" content=\"2024-03-11T18:57:20+00:00\" \/>\n<meta property=\"og:image\" content=\"https:\/\/www.cueim.org\/wp-content\/uploads\/2024\/03\/pexels-mitchell-luo-5720094-683x1024.jpg\" \/>\n\t<meta property=\"og:image:width\" content=\"683\" \/>\n\t<meta property=\"og:image:height\" content=\"1024\" \/>\n\t<meta property=\"og:image:type\" content=\"image\/jpeg\" \/>\n<meta name=\"author\" content=\"Alice\" \/>\n<meta name=\"twitter:card\" content=\"summary_large_image\" \/>\n<meta name=\"twitter:label1\" content=\"Written by\" \/>\n\t<meta name=\"twitter:data1\" content=\"Alice\" \/>\n\t<meta name=\"twitter:label2\" content=\"Est. reading time\" \/>\n\t<meta name=\"twitter:data2\" content=\"10 minutes\" \/>\n<script type=\"application\/ld+json\" class=\"yoast-schema-graph\">{\"@context\":\"https:\/\/schema.org\",\"@graph\":[{\"@type\":\"WebPage\",\"@id\":\"https:\/\/www.cueim.org\/en\/ii-convention-territoriale-dialoghi-sulla-sostenibilita-nuovi-percorsi-narrativi-per-una-community-sostenibile\/\",\"url\":\"https:\/\/www.cueim.org\/en\/ii-convention-territoriale-dialoghi-sulla-sostenibilita-nuovi-percorsi-narrativi-per-una-community-sostenibile\/\",\"name\":\"Seconda convention tematica \u201cDialoghi sulla Sostenibilit\u00e0. Nuovi percorsi narrativi per una community sostenibile\u201d il 14 marzo a Milano. - CUEIM\",\"isPartOf\":{\"@id\":\"https:\/\/www.cueim.org\/en\/#website\"},\"primaryImageOfPage\":{\"@id\":\"https:\/\/www.cueim.org\/en\/ii-convention-territoriale-dialoghi-sulla-sostenibilita-nuovi-percorsi-narrativi-per-una-community-sostenibile\/#primaryimage\"},\"image\":{\"@id\":\"https:\/\/www.cueim.org\/ii-convention-territoriale-dialoghi-sulla-sostenibilita-nuovi-percorsi-narrativi-per-una-community-sostenibile\/#primaryimage\"},\"thumbnailUrl\":\"https:\/\/www.cueim.org\/wp-content\/uploads\/2024\/03\/pexels-mitchell-luo-5720094.jpg\",\"datePublished\":\"2024-03-07T11:22:17+00:00\",\"dateModified\":\"2024-03-11T18:57:20+00:00\",\"author\":{\"@id\":\"https:\/\/www.cueim.org\/en\/#\/schema\/person\/4e511ff3493dd64216b09b8edf3e9818\"},\"breadcrumb\":{\"@id\":\"https:\/\/www.cueim.org\/en\/ii-convention-territoriale-dialoghi-sulla-sostenibilita-nuovi-percorsi-narrativi-per-una-community-sostenibile\/#breadcrumb\"},\"inLanguage\":\"en-US\",\"potentialAction\":[{\"@type\":\"ReadAction\",\"target\":[[\"https:\/\/www.cueim.org\/en\/ii-convention-territoriale-dialoghi-sulla-sostenibilita-nuovi-percorsi-narrativi-per-una-community-sostenibile\/\"]]}]},{\"@type\":\"ImageObject\",\"inLanguage\":\"en-US\",\"@id\":\"https:\/\/www.cueim.org\/en\/ii-convention-territoriale-dialoghi-sulla-sostenibilita-nuovi-percorsi-narrativi-per-una-community-sostenibile\/#primaryimage\",\"url\":\"https:\/\/www.cueim.org\/wp-content\/uploads\/2024\/03\/pexels-mitchell-luo-5720094.jpg\",\"contentUrl\":\"https:\/\/www.cueim.org\/wp-content\/uploads\/2024\/03\/pexels-mitchell-luo-5720094.jpg\",\"width\":3939,\"height\":5909},{\"@type\":\"BreadcrumbList\",\"@id\":\"https:\/\/www.cueim.org\/en\/ii-convention-territoriale-dialoghi-sulla-sostenibilita-nuovi-percorsi-narrativi-per-una-community-sostenibile\/#breadcrumb\",\"itemListElement\":[{\"@type\":\"ListItem\",\"position\":1,\"name\":\"Home\",\"item\":\"https:\/\/www.cueim.org\/en\/\"},{\"@type\":\"ListItem\",\"position\":2,\"name\":\"Seconda convention tematica \u201cDialoghi sulla Sostenibilit\u00e0. Nuovi percorsi narrativi per una community sostenibile\u201d il 14 marzo a Milano.\"}]},{\"@type\":\"WebSite\",\"@id\":\"https:\/\/www.cueim.org\/en\/#website\",\"url\":\"https:\/\/www.cueim.org\/en\/\",\"name\":\"CUEIM\",\"description\":\"(Italiano) Consorzio Universitario di Economia industriale e Manageriale\",\"potentialAction\":[{\"@type\":\"SearchAction\",\"target\":{\"@type\":\"EntryPoint\",\"urlTemplate\":\"https:\/\/www.cueim.org\/en\/?s={search_term_string}\"},\"query-input\":{\"@type\":\"PropertyValueSpecification\",\"valueRequired\":true,\"valueName\":\"search_term_string\"}}],\"inLanguage\":\"en-US\"},{\"@type\":\"Person\",\"@id\":\"https:\/\/www.cueim.org\/en\/#\/schema\/person\/4e511ff3493dd64216b09b8edf3e9818\",\"name\":\"Alice\",\"image\":{\"@type\":\"ImageObject\",\"inLanguage\":\"en-US\",\"@id\":\"https:\/\/www.cueim.org\/en\/#\/schema\/person\/image\/\",\"url\":\"https:\/\/secure.gravatar.com\/avatar\/19990a7a749eaad965896c88745e46e3d3d64c1632a7e521824ee04fc8ed29d4?s=96&d=mm&r=g\",\"contentUrl\":\"https:\/\/secure.gravatar.com\/avatar\/19990a7a749eaad965896c88745e46e3d3d64c1632a7e521824ee04fc8ed29d4?s=96&d=mm&r=g\",\"caption\":\"Alice\"},\"url\":\"https:\/\/www.cueim.org\/en\/author\/alice\/\"}]}<\/script>\n<!-- \/ Yoast SEO plugin. -->","yoast_head_json":{"title":"Seconda convention tematica \u201cDialoghi sulla Sostenibilit\u00e0. Nuovi percorsi narrativi per una community sostenibile\u201d il 14 marzo a Milano. - CUEIM","robots":{"index":"index","follow":"follow","max-snippet":"max-snippet:-1","max-image-preview":"max-image-preview:large","max-video-preview":"max-video-preview:-1"},"canonical":"https:\/\/www.cueim.org\/en\/ii-convention-territoriale-dialoghi-sulla-sostenibilita-nuovi-percorsi-narrativi-per-una-community-sostenibile\/","og_locale":"en_US","og_type":"article","og_title":"Seconda convention tematica \u201cDialoghi sulla Sostenibilit\u00e0. Nuovi percorsi narrativi per una community sostenibile\u201d il 14 marzo a Milano. - CUEIM","og_description":"Dopo\u00a0l\u2019annuncio\u00a0sulla nascita di un ecosistema italiano del Good Business e la prima Convention realizzata a L\u2019Aquila sui temi della Twin...","og_url":"https:\/\/www.cueim.org\/en\/ii-convention-territoriale-dialoghi-sulla-sostenibilita-nuovi-percorsi-narrativi-per-una-community-sostenibile\/","og_site_name":"CUEIM","article_published_time":"2024-03-07T11:22:17+00:00","article_modified_time":"2024-03-11T18:57:20+00:00","og_image":[{"width":683,"height":1024,"url":"https:\/\/www.cueim.org\/wp-content\/uploads\/2024\/03\/pexels-mitchell-luo-5720094-683x1024.jpg","type":"image\/jpeg"}],"author":"Alice","twitter_card":"summary_large_image","twitter_misc":{"Written by":"Alice","Est. reading time":"10 minutes"},"schema":{"@context":"https:\/\/schema.org","@graph":[{"@type":"WebPage","@id":"https:\/\/www.cueim.org\/en\/ii-convention-territoriale-dialoghi-sulla-sostenibilita-nuovi-percorsi-narrativi-per-una-community-sostenibile\/","url":"https:\/\/www.cueim.org\/en\/ii-convention-territoriale-dialoghi-sulla-sostenibilita-nuovi-percorsi-narrativi-per-una-community-sostenibile\/","name":"Seconda convention tematica \u201cDialoghi sulla Sostenibilit\u00e0. Nuovi percorsi narrativi per una community sostenibile\u201d il 14 marzo a Milano. - CUEIM","isPartOf":{"@id":"https:\/\/www.cueim.org\/en\/#website"},"primaryImageOfPage":{"@id":"https:\/\/www.cueim.org\/en\/ii-convention-territoriale-dialoghi-sulla-sostenibilita-nuovi-percorsi-narrativi-per-una-community-sostenibile\/#primaryimage"},"image":{"@id":"https:\/\/www.cueim.org\/ii-convention-territoriale-dialoghi-sulla-sostenibilita-nuovi-percorsi-narrativi-per-una-community-sostenibile\/#primaryimage"},"thumbnailUrl":"https:\/\/www.cueim.org\/wp-content\/uploads\/2024\/03\/pexels-mitchell-luo-5720094.jpg","datePublished":"2024-03-07T11:22:17+00:00","dateModified":"2024-03-11T18:57:20+00:00","author":{"@id":"https:\/\/www.cueim.org\/en\/#\/schema\/person\/4e511ff3493dd64216b09b8edf3e9818"},"breadcrumb":{"@id":"https:\/\/www.cueim.org\/en\/ii-convention-territoriale-dialoghi-sulla-sostenibilita-nuovi-percorsi-narrativi-per-una-community-sostenibile\/#breadcrumb"},"inLanguage":"en-US","potentialAction":[{"@type":"ReadAction","target":[["https:\/\/www.cueim.org\/en\/ii-convention-territoriale-dialoghi-sulla-sostenibilita-nuovi-percorsi-narrativi-per-una-community-sostenibile\/"]]}]},{"@type":"ImageObject","inLanguage":"en-US","@id":"https:\/\/www.cueim.org\/en\/ii-convention-territoriale-dialoghi-sulla-sostenibilita-nuovi-percorsi-narrativi-per-una-community-sostenibile\/#primaryimage","url":"https:\/\/www.cueim.org\/wp-content\/uploads\/2024\/03\/pexels-mitchell-luo-5720094.jpg","contentUrl":"https:\/\/www.cueim.org\/wp-content\/uploads\/2024\/03\/pexels-mitchell-luo-5720094.jpg","width":3939,"height":5909},{"@type":"BreadcrumbList","@id":"https:\/\/www.cueim.org\/en\/ii-convention-territoriale-dialoghi-sulla-sostenibilita-nuovi-percorsi-narrativi-per-una-community-sostenibile\/#breadcrumb","itemListElement":[{"@type":"ListItem","position":1,"name":"Home","item":"https:\/\/www.cueim.org\/en\/"},{"@type":"ListItem","position":2,"name":"Seconda convention tematica \u201cDialoghi sulla Sostenibilit\u00e0. Nuovi percorsi narrativi per una community sostenibile\u201d il 14 marzo a Milano."}]},{"@type":"WebSite","@id":"https:\/\/www.cueim.org\/en\/#website","url":"https:\/\/www.cueim.org\/en\/","name":"CUEIM","description":"(Italiano) Consorzio Universitario di Economia industriale e Manageriale","potentialAction":[{"@type":"SearchAction","target":{"@type":"EntryPoint","urlTemplate":"https:\/\/www.cueim.org\/en\/?s={search_term_string}"},"query-input":{"@type":"PropertyValueSpecification","valueRequired":true,"valueName":"search_term_string"}}],"inLanguage":"en-US"},{"@type":"Person","@id":"https:\/\/www.cueim.org\/en\/#\/schema\/person\/4e511ff3493dd64216b09b8edf3e9818","name":"Alice","image":{"@type":"ImageObject","inLanguage":"en-US","@id":"https:\/\/www.cueim.org\/en\/#\/schema\/person\/image\/","url":"https:\/\/secure.gravatar.com\/avatar\/19990a7a749eaad965896c88745e46e3d3d64c1632a7e521824ee04fc8ed29d4?s=96&d=mm&r=g","contentUrl":"https:\/\/secure.gravatar.com\/avatar\/19990a7a749eaad965896c88745e46e3d3d64c1632a7e521824ee04fc8ed29d4?s=96&d=mm&r=g","caption":"Alice"},"url":"https:\/\/www.cueim.org\/en\/author\/alice\/"}]}},"_links":{"self":[{"href":"https:\/\/www.cueim.org\/en\/wp-json\/wp\/v2\/posts\/5028","targetHints":{"allow":["GET"]}}],"collection":[{"href":"https:\/\/www.cueim.org\/en\/wp-json\/wp\/v2\/posts"}],"about":[{"href":"https:\/\/www.cueim.org\/en\/wp-json\/wp\/v2\/types\/post"}],"author":[{"embeddable":true,"href":"https:\/\/www.cueim.org\/en\/wp-json\/wp\/v2\/users\/3"}],"replies":[{"embeddable":true,"href":"https:\/\/www.cueim.org\/en\/wp-json\/wp\/v2\/comments?post=5028"}],"version-history":[{"count":41,"href":"https:\/\/www.cueim.org\/en\/wp-json\/wp\/v2\/posts\/5028\/revisions"}],"predecessor-version":[{"id":5092,"href":"https:\/\/www.cueim.org\/en\/wp-json\/wp\/v2\/posts\/5028\/revisions\/5092"}],"wp:featuredmedia":[{"embeddable":true,"href":"https:\/\/www.cueim.org\/en\/wp-json\/wp\/v2\/media\/5026"}],"wp:attachment":[{"href":"https:\/\/www.cueim.org\/en\/wp-json\/wp\/v2\/media?parent=5028"}],"wp:term":[{"taxonomy":"category","embeddable":true,"href":"https:\/\/www.cueim.org\/en\/wp-json\/wp\/v2\/categories?post=5028"},{"taxonomy":"post_tag","embeddable":true,"href":"https:\/\/www.cueim.org\/en\/wp-json\/wp\/v2\/tags?post=5028"}],"curies":[{"name":"wp","href":"https:\/\/api.w.org\/{rel}","templated":true}]}}